{"id":454,"date":"2015-04-26T20:52:11","date_gmt":"2015-04-26T18:52:11","guid":{"rendered":"http:\/\/douce-naissance.com\/blog\/?p=454"},"modified":"2015-05-05T15:46:23","modified_gmt":"2015-05-05T13:46:23","slug":"salon-maternite-quebec","status":"publish","type":"post","link":"https:\/\/douce-naissance.com\/blog\/salon-maternite-quebec\/","title":{"rendered":"Salon Maternit\u00e9 Qu\u00e9bec"},"content":{"rendered":"<h1><strong>Le Salon Maternit\u00e9 Qu\u00e9bec<\/strong><\/h1>\n<p><a href=\"https:\/\/douce-naissance.com\/blog\/wp-content\/uploads\/2015\/04\/Capture-d\u2019\u00e9cran-2015-04-26-\u00e0-14.44.02.png\"><img decoding=\"async\" loading=\"lazy\" class=\" size-full wp-image-456 alignleft\" src=\"https:\/\/douce-naissance.com\/blog\/wp-content\/uploads\/2015\/04\/Capture-d\u2019\u00e9cran-2015-04-26-\u00e0-14.44.02.png\" alt=\"Capture d\u2019\u00e9cran 2015-04-26 \u00e0 14.44.02\" width=\"176\" height=\"194\" \/><\/a>Un salon maternit\u00e9, c\u2019est le lieu id\u00e9al pour d\u00e9couvrir une multitude de produits et services qui vous accompagneront tout au long de votre grossesse, de votre accouchement et de vos relevailles\u2026 sans oublier tout ce qui concerne les besoins des parents ou des enfants grandissants. Vous y trouverez, en un m\u00eame lieu, les r\u00e9ponses \u00e0 beaucoup de vos besoins et de vos questions.<\/p>\n<p><a href=\"https:\/\/douce-naissance.com\/blog\/wp-content\/uploads\/2015\/04\/Capture-d\u2019\u00e9cran-2015-04-26-\u00e0-14.44.13.png\"><img decoding=\"async\" loading=\"lazy\" class=\"alignright  wp-image-457\" src=\"https:\/\/douce-naissance.com\/blog\/wp-content\/uploads\/2015\/04\/Capture-d\u2019\u00e9cran-2015-04-26-\u00e0-14.44.13-294x300.png\" alt=\"Capture d\u2019\u00e9cran 2015-04-26 \u00e0 14.44.13\" width=\"190\" height=\"194\" srcset=\"https:\/\/douce-naissance.com\/blog\/wp-content\/uploads\/2015\/04\/Capture-d\u2019\u00e9cran-2015-04-26-\u00e0-14.44.13-294x300.png 294w, https:\/\/douce-naissance.com\/blog\/wp-content\/uploads\/2015\/04\/Capture-d\u2019\u00e9cran-2015-04-26-\u00e0-14.44.13.png 442w\" sizes=\"(max-width: 190px) 100vw, 190px\" \/><\/a>Les 1er, 2 et 3\u00a0mai 2015, \u00e0 Qu\u00e9bec, a lieu la deuxi\u00e8me \u00e9dition du salon \u00ab\u00a0Maternit\u00e9 &#8211; Paternit\u00e9 &#8211; Enfants\u00a0\u00bb, organis\u00e9 par Louise Beno\u00eet et anim\u00e9 par Marie-\u00c9laine Thibert. Vous y rencontrerez plusieurs exposants, en plus des \u00ab\u00a0must\u00a0\u00bb du salon\u00a0:<!--more--><\/p>\n<ul>\n<li>le resto des tout-p\u2019tits,<\/li>\n<li>la halte-b\u00e9b\u00e9,<\/li>\n<li>le m\u00e9ga carr\u00e9 de sable du salon,<\/li>\n<li>la sc\u00e8ne,<\/li>\n<li>le jeu gonflable,<\/li>\n<li>l\u2019aire de jeu Castello.<\/li>\n<\/ul>\n<p><a href=\"http:\/\/www.salonmaternitepaterniteenfants.com\/fr\/quebec\" target=\"_blank\">Pour plus de d\u00e9tails<\/a><\/p>\n<h2><strong>Une offre irr\u00e9sistible\u00a0!<\/strong><\/h2>\n<p>Cette ann\u00e9e, j\u2019ai la chance de participer \u00e0 ce salon en partenariat avec deux coll\u00e8gues. Vous connaissez l\u2019expression\u00a0: l\u2019union fait la force\u00a0! Alors, d\u00e9couvrez ce que nous vous proposons ensemble.<\/p>\n<p>Vous, future maman, vous d\u00e9sirez\u00a0:<\/p>\n<ul>\n<li>vous pr\u00e9parer sereinement et \u00e0 votre rythme \u00e0 la naissance de votre enfant,<\/li>\n<li>la vivre pleinement et en toute conscience, sans peur et sans angoisse,<\/li>\n<li>y associer votre conjoint qui sera form\u00e9 pour savoir quoi faire et comment le faire,<\/li>\n<li>entra\u00eener votre corps et votre esprit \u00e0 cet accouchement,<\/li>\n<li>\u00eatre accompagn\u00e9e pendant cette pr\u00e9paration\u2026<\/li>\n<\/ul>\n<p>Nous vous proposons un partenariat unique qui comprend\u00a0:<\/p>\n<h3 style=\"text-align: center;\">du yoga, un coaching et de l\u2019autohypnose.<\/h3>\n<p><strong>\u00c9lianne Fortin-Villeneuve, coach certifi\u00e9e en PNL<\/strong><\/p>\n<p style=\"padding-left: 30px;\"><img decoding=\"async\" loading=\"lazy\" class=\"alignright  wp-image-465\" src=\"https:\/\/douce-naissance.com\/blog\/wp-content\/uploads\/2015\/04\/Elianne_Fortin-Villeneuve-200px.jpg\" alt=\"Elianne_Fortin-Villeneuve 200px\" width=\"119\" height=\"149\" \/>Elle a\u00a0exp\u00e9riment\u00e9\u00a0l\u2019autohypnose pour la naissance de ses trois enfants, elle saura vous guider dans votre pr\u00e9paration pour vivre sereinement\u00a0ce moment unique.\u00a0Voici trois mots qui r\u00e9sument son \u00e9tat d\u2019esprit durant ses accouchements\u00a0: confiance, fiert\u00e9, sentiment d\u2019\u00eatre accompagn\u00e9.<\/p>\n<p style=\"padding-left: 30px;\">Imaginez une rencontre priv\u00e9e avec \u00c9lianne pour travailler sur une peur particuli\u00e8re, en lien avec l\u2019accouchement ou pas, pour \u00e9changer sur vos questions et vos attentes, pour pratiquer certains exercices d\u2019autohypnose ou pour clarifier ce qui est vraiment important pour vous.<\/p>\n<p style=\"padding-left: 30px;\">Elle peut vous accompagner\u00a0pour une simple rencontre ou une d\u00e9marche de coaching, en t\u00eate \u00e0 t\u00eate (\u00e0 Sainte-Brigitte de Laval ou Sillery) ou\u00a0par Skype.<\/p>\n<p><strong>Julie Roberge<\/strong><strong>, professeur de yoga depuis quinze ans<\/strong><\/p>\n<p style=\"padding-left: 30px;\"><a href=\"https:\/\/douce-naissance.com\/blog\/wp-content\/uploads\/2015\/04\/Capture-d\u2019\u00e9cran-2015-04-26-\u00e0-16.13.56.png\"><img decoding=\"async\" loading=\"lazy\" class=\"alignright  wp-image-461\" src=\"https:\/\/douce-naissance.com\/blog\/wp-content\/uploads\/2015\/04\/Capture-d\u2019\u00e9cran-2015-04-26-\u00e0-16.13.56-225x300.png\" alt=\"Capture d\u2019\u00e9cran 2015-04-26 \u00e0 16.13.56\" width=\"83\" height=\"111\" srcset=\"https:\/\/douce-naissance.com\/blog\/wp-content\/uploads\/2015\/04\/Capture-d\u2019\u00e9cran-2015-04-26-\u00e0-16.13.56-225x300.png 225w, https:\/\/douce-naissance.com\/blog\/wp-content\/uploads\/2015\/04\/Capture-d\u2019\u00e9cran-2015-04-26-\u00e0-16.13.56.png 247w\" sizes=\"(max-width: 83px) 100vw, 83px\" \/><\/a>D\u2019un calme, d\u2019une douceur et d\u2019une pr\u00e9sence exemplaires, Julie est maman de trois enfants, vous appr\u00e9cierez sa personnalit\u00e9. Elle anime aussi des ateliers\u00a0de massage de b\u00e9b\u00e9, d\u2019allaitement, etc. <span style=\"color: #0000ff;\"><a style=\"color: #0000ff;\" href=\"http:\/\/entreedanslavie.com\" target=\"_blank\">D\u00e9couvrez-la sur son site.<\/a><\/span><\/p>\n<p><strong>Et moi-m\u00eame, Sylvie Guilbault, fondatrice de Douce-naissance<\/strong><\/p>\n<p style=\"padding-left: 30px;\"><a href=\"https:\/\/douce-naissance.com\/blog\/wp-content\/uploads\/2015\/04\/P1130190-e1430079808687.jpg\"><img decoding=\"async\" loading=\"lazy\" class=\"alignright  wp-image-463\" src=\"https:\/\/douce-naissance.com\/blog\/wp-content\/uploads\/2015\/04\/P1130190-e1430079808687-300x298.jpg\" alt=\"P1130190\" width=\"98\" height=\"97\" srcset=\"https:\/\/douce-naissance.com\/blog\/wp-content\/uploads\/2015\/04\/P1130190-e1430079808687-300x298.jpg 300w, https:\/\/douce-naissance.com\/blog\/wp-content\/uploads\/2015\/04\/P1130190-e1430079808687-150x150.jpg 150w, https:\/\/douce-naissance.com\/blog\/wp-content\/uploads\/2015\/04\/P1130190-e1430079808687.jpg 592w\" sizes=\"(max-width: 98px) 100vw, 98px\" \/><\/a>J\u2019ai accompagn\u00e9 plus de sept cents couples qui attendaient leur b\u00e9b\u00e9, \u00e0 Qu\u00e9bec, et j\u2019ai eu l\u2019id\u00e9e de cr\u00e9er le premier cours de pr\u00e9paration \u00e0 la naissance par l\u2019autohypnose pr\u00e9sent\u00e9 sur support vid\u00e9o et audio. Je vous laisse d\u00e9couvrir mon approche sur ce blog.<\/p>\n<h3>\u00a0Une pr\u00e9paration personnalis\u00e9e pour votre accouchement !<\/h3>\n<p>Imaginez que vous puissiez vous pr\u00e9parer \u00e0 la naissance de votre b\u00e9b\u00e9 par l\u2019autohypnose, dans le confort de votre foyer et \u00e0 votre rythme, que vous ayez une personne de r\u00e9f\u00e9rence \u00e0 qui poser personnellement vos questions, une personne qui puisse d\u00e9mystifier une de vos peurs, une de vos craintes (ou toutes\u00a0!) pour aller plus loin dans votre pr\u00e9paration. Et cela tout en pratiquant vos postures de yoga. Quelle belle exp\u00e9rience\u00a0! \u00ab\u00a0Un esprit sain dans un corps sain\u00a0\u00bb\u00a0pour vivre dans les meilleures conditions ce moment cl\u00e9 de votre vie\u2026<\/p>\n<p>Alors, venez nous voir et nous d\u00e9couvrir. Nous serons heureuses de vous rencontrer en personne et de r\u00e9pondre \u00e0 toutes vos questions. Nous serons au <strong>kiosque D-26<\/strong>. Bien s\u00fbr, Vous pouvez aussi nous \u00e9crire.<\/p>\n<p>\u00c0 bient\u00f4t !<\/p>\n","protected":false},"excerpt":{"rendered":"<p>Le Salon Maternit\u00e9 Qu\u00e9bec Un salon maternit\u00e9, c\u2019est le lieu id\u00e9al pour d\u00e9couvrir une multitude de produits et services qui vous accompagneront tout au long de votre grossesse, de votre accouchement et de vos relevailles\u2026 sans oublier tout ce qui concerne les besoins des parents ou des enfants grandissants. Vous y trouverez, en un m\u00eame [&hellip;]<\/p>\n","protected":false},"author":1,"featured_media":0,"comment_status":"open","ping_status":"open","sticky":false,"template":"","format":"standard","meta":{"footnotes":""},"categories":[29,1],"tags":[],"yoast_head":"<!-- This site is optimized with the Yoast SEO plugin v22.6 - https:\/\/yoast.com\/wordpress\/plugins\/seo\/ -->\n<title>Salon Maternit\u00e9 Qu\u00e9bec<\/title>\n<meta name=\"description\" content=\"Nous serons au salon maternit\u00e9 Qu\u00e9bec. Nouveau partenariat\" \/>\n<meta name=\"robots\" content=\"index, follow, max-snippet:-1, max-image-preview:large, max-video-preview:-1\" \/>\n<link rel=\"canonical\" href=\"https:\/\/douce-naissance.com\/blog\/salon-maternite-quebec\/\" \/>\n<meta property=\"og:locale\" content=\"fr_FR\" \/>\n<meta property=\"og:type\" content=\"article\" \/>\n<meta property=\"og:title\" content=\"Salon Maternit\u00e9 Qu\u00e9bec\" \/>\n<meta property=\"og:description\" content=\"Nous serons au salon maternit\u00e9 Qu\u00e9bec. Nouveau partenariat\" \/>\n<meta property=\"og:url\" content=\"https:\/\/douce-naissance.com\/blog\/salon-maternite-quebec\/\" \/>\n<meta property=\"og:site_name\" content=\"Accoucher en douceur !\" \/>\n<meta property=\"article:published_time\" content=\"2015-04-26T18:52:11+00:00\" \/>\n<meta property=\"article:modified_time\" content=\"2015-05-05T13:46:23+00:00\" \/>\n<meta property=\"og:image\" content=\"http:\/\/douce-naissance.com\/blog\/wp-content\/uploads\/2015\/04\/Elianne_Fortin-Villeneuve-200px.jpg\" \/>\n<meta name=\"author\" content=\"Sylvie Guilbault\" \/>\n<meta name=\"twitter:label1\" content=\"\u00c9crit par\" \/>\n\t<meta name=\"twitter:data1\" content=\"Sylvie Guilbault\" \/>\n\t<meta name=\"twitter:label2\" content=\"Dur\u00e9e de lecture estim\u00e9e\" \/>\n\t<meta name=\"twitter:data2\" content=\"3 minutes\" \/>\n<script type=\"application\/ld+json\" class=\"yoast-schema-graph\">{\"@context\":\"https:\/\/schema.org\",\"@graph\":[{\"@type\":\"WebPage\",\"@id\":\"https:\/\/douce-naissance.com\/blog\/salon-maternite-quebec\/\",\"url\":\"https:\/\/douce-naissance.com\/blog\/salon-maternite-quebec\/\",\"name\":\"Salon Maternit\u00e9 Qu\u00e9bec\",\"isPartOf\":{\"@id\":\"https:\/\/douce-naissance.com\/blog\/#website\"},\"primaryImageOfPage\":{\"@id\":\"https:\/\/douce-naissance.com\/blog\/salon-maternite-quebec\/#primaryimage\"},\"image\":{\"@id\":\"https:\/\/douce-naissance.com\/blog\/salon-maternite-quebec\/#primaryimage\"},\"thumbnailUrl\":\"http:\/\/douce-naissance.com\/blog\/wp-content\/uploads\/2015\/04\/Elianne_Fortin-Villeneuve-200px.jpg\",\"datePublished\":\"2015-04-26T18:52:11+00:00\",\"dateModified\":\"2015-05-05T13:46:23+00:00\",\"author\":{\"@id\":\"https:\/\/douce-naissance.com\/blog\/#\/schema\/person\/8a5ea08d87cf27800d5dc3fc62ec01f8\"},\"description\":\"Nous serons au salon maternit\u00e9 Qu\u00e9bec. Nouveau partenariat\",\"breadcrumb\":{\"@id\":\"https:\/\/douce-naissance.com\/blog\/salon-maternite-quebec\/#breadcrumb\"},\"inLanguage\":\"fr-FR\",\"potentialAction\":[{\"@type\":\"ReadAction\",\"target\":[\"https:\/\/douce-naissance.com\/blog\/salon-maternite-quebec\/\"]}]},{\"@type\":\"ImageObject\",\"inLanguage\":\"fr-FR\",\"@id\":\"https:\/\/douce-naissance.com\/blog\/salon-maternite-quebec\/#primaryimage\",\"url\":\"http:\/\/douce-naissance.com\/blog\/wp-content\/uploads\/2015\/04\/Elianne_Fortin-Villeneuve-200px.jpg\",\"contentUrl\":\"http:\/\/douce-naissance.com\/blog\/wp-content\/uploads\/2015\/04\/Elianne_Fortin-Villeneuve-200px.jpg\"},{\"@type\":\"BreadcrumbList\",\"@id\":\"https:\/\/douce-naissance.com\/blog\/salon-maternite-quebec\/#breadcrumb\",\"itemListElement\":[{\"@type\":\"ListItem\",\"position\":1,\"name\":\"Accueil\",\"item\":\"https:\/\/douce-naissance.com\/blog\/\"},{\"@type\":\"ListItem\",\"position\":2,\"name\":\"Salon Maternit\u00e9 Qu\u00e9bec\"}]},{\"@type\":\"WebSite\",\"@id\":\"https:\/\/douce-naissance.com\/blog\/#website\",\"url\":\"https:\/\/douce-naissance.com\/blog\/\",\"name\":\"Accoucher en douceur !\",\"description\":\"Apprenez \u00e0 laisser votre corps faire ce qu&#039;il sait : donner naissance \u00e0 votre b\u00e9b\u00e9.\",\"potentialAction\":[{\"@type\":\"SearchAction\",\"target\":{\"@type\":\"EntryPoint\",\"urlTemplate\":\"https:\/\/douce-naissance.com\/blog\/?s={search_term_string}\"},\"query-input\":\"required name=search_term_string\"}],\"inLanguage\":\"fr-FR\"},{\"@type\":\"Person\",\"@id\":\"https:\/\/douce-naissance.com\/blog\/#\/schema\/person\/8a5ea08d87cf27800d5dc3fc62ec01f8\",\"name\":\"Sylvie Guilbault\",\"image\":{\"@type\":\"ImageObject\",\"inLanguage\":\"fr-FR\",\"@id\":\"https:\/\/douce-naissance.com\/blog\/#\/schema\/person\/image\/\",\"url\":\"https:\/\/secure.gravatar.com\/avatar\/365e34fcea9dbd48aff2420241f0e448?s=96&d=mm&r=g\",\"contentUrl\":\"https:\/\/secure.gravatar.com\/avatar\/365e34fcea9dbd48aff2420241f0e448?s=96&d=mm&r=g\",\"caption\":\"Sylvie Guilbault\"},\"sameAs\":[\"http:\/\/www.douce-naissance.com\"],\"url\":\"https:\/\/douce-naissance.com\/blog\/author\/sylviedmin5318\/\"}]}<\/script>\n<!-- \/ Yoast SEO plugin. -->","yoast_head_json":{"title":"Salon Maternit\u00e9 Qu\u00e9bec","description":"Nous serons au salon maternit\u00e9 Qu\u00e9bec. Nouveau partenariat","robots":{"index":"index","follow":"follow","max-snippet":"max-snippet:-1","max-image-preview":"max-image-preview:large","max-video-preview":"max-video-preview:-1"},"canonical":"https:\/\/douce-naissance.com\/blog\/salon-maternite-quebec\/","og_locale":"fr_FR","og_type":"article","og_title":"Salon Maternit\u00e9 Qu\u00e9bec","og_description":"Nous serons au salon maternit\u00e9 Qu\u00e9bec. Nouveau partenariat","og_url":"https:\/\/douce-naissance.com\/blog\/salon-maternite-quebec\/","og_site_name":"Accoucher en douceur !","article_published_time":"2015-04-26T18:52:11+00:00","article_modified_time":"2015-05-05T13:46:23+00:00","og_image":[{"url":"http:\/\/douce-naissance.com\/blog\/wp-content\/uploads\/2015\/04\/Elianne_Fortin-Villeneuve-200px.jpg"}],"author":"Sylvie Guilbault","twitter_misc":{"\u00c9crit par":"Sylvie Guilbault","Dur\u00e9e de lecture estim\u00e9e":"3 minutes"},"schema":{"@context":"https:\/\/schema.org","@graph":[{"@type":"WebPage","@id":"https:\/\/douce-naissance.com\/blog\/salon-maternite-quebec\/","url":"https:\/\/douce-naissance.com\/blog\/salon-maternite-quebec\/","name":"Salon Maternit\u00e9 Qu\u00e9bec","isPartOf":{"@id":"https:\/\/douce-naissance.com\/blog\/#website"},"primaryImageOfPage":{"@id":"https:\/\/douce-naissance.com\/blog\/salon-maternite-quebec\/#primaryimage"},"image":{"@id":"https:\/\/douce-naissance.com\/blog\/salon-maternite-quebec\/#primaryimage"},"thumbnailUrl":"http:\/\/douce-naissance.com\/blog\/wp-content\/uploads\/2015\/04\/Elianne_Fortin-Villeneuve-200px.jpg","datePublished":"2015-04-26T18:52:11+00:00","dateModified":"2015-05-05T13:46:23+00:00","author":{"@id":"https:\/\/douce-naissance.com\/blog\/#\/schema\/person\/8a5ea08d87cf27800d5dc3fc62ec01f8"},"description":"Nous serons au salon maternit\u00e9 Qu\u00e9bec. Nouveau partenariat","breadcrumb":{"@id":"https:\/\/douce-naissance.com\/blog\/salon-maternite-quebec\/#breadcrumb"},"inLanguage":"fr-FR","potentialAction":[{"@type":"ReadAction","target":["https:\/\/douce-naissance.com\/blog\/salon-maternite-quebec\/"]}]},{"@type":"ImageObject","inLanguage":"fr-FR","@id":"https:\/\/douce-naissance.com\/blog\/salon-maternite-quebec\/#primaryimage","url":"http:\/\/douce-naissance.com\/blog\/wp-content\/uploads\/2015\/04\/Elianne_Fortin-Villeneuve-200px.jpg","contentUrl":"http:\/\/douce-naissance.com\/blog\/wp-content\/uploads\/2015\/04\/Elianne_Fortin-Villeneuve-200px.jpg"},{"@type":"BreadcrumbList","@id":"https:\/\/douce-naissance.com\/blog\/salon-maternite-quebec\/#breadcrumb","itemListElement":[{"@type":"ListItem","position":1,"name":"Accueil","item":"https:\/\/douce-naissance.com\/blog\/"},{"@type":"ListItem","position":2,"name":"Salon Maternit\u00e9 Qu\u00e9bec"}]},{"@type":"WebSite","@id":"https:\/\/douce-naissance.com\/blog\/#website","url":"https:\/\/douce-naissance.com\/blog\/","name":"Accoucher en douceur !","description":"Apprenez \u00e0 laisser votre corps faire ce qu&#039;il sait : donner naissance \u00e0 votre b\u00e9b\u00e9.","potentialAction":[{"@type":"SearchAction","target":{"@type":"EntryPoint","urlTemplate":"https:\/\/douce-naissance.com\/blog\/?s={search_term_string}"},"query-input":"required name=search_term_string"}],"inLanguage":"fr-FR"},{"@type":"Person","@id":"https:\/\/douce-naissance.com\/blog\/#\/schema\/person\/8a5ea08d87cf27800d5dc3fc62ec01f8","name":"Sylvie Guilbault","image":{"@type":"ImageObject","inLanguage":"fr-FR","@id":"https:\/\/douce-naissance.com\/blog\/#\/schema\/person\/image\/","url":"https:\/\/secure.gravatar.com\/avatar\/365e34fcea9dbd48aff2420241f0e448?s=96&d=mm&r=g","contentUrl":"https:\/\/secure.gravatar.com\/avatar\/365e34fcea9dbd48aff2420241f0e448?s=96&d=mm&r=g","caption":"Sylvie Guilbault"},"sameAs":["http:\/\/www.douce-naissance.com"],"url":"https:\/\/douce-naissance.com\/blog\/author\/sylviedmin5318\/"}]}},"_links":{"self":[{"href":"https:\/\/douce-naissance.com\/blog\/wp-json\/wp\/v2\/posts\/454"}],"collection":[{"href":"https:\/\/douce-naissance.com\/blog\/wp-json\/wp\/v2\/posts"}],"about":[{"href":"https:\/\/douce-naissance.com\/blog\/wp-json\/wp\/v2\/types\/post"}],"author":[{"embeddable":true,"href":"https:\/\/douce-naissance.com\/blog\/wp-json\/wp\/v2\/users\/1"}],"replies":[{"embeddable":true,"href":"https:\/\/douce-naissance.com\/blog\/wp-json\/wp\/v2\/comments?post=454"}],"version-history":[{"count":8,"href":"https:\/\/douce-naissance.com\/blog\/wp-json\/wp\/v2\/posts\/454\/revisions"}],"predecessor-version":[{"id":471,"href":"https:\/\/douce-naissance.com\/blog\/wp-json\/wp\/v2\/posts\/454\/revisions\/471"}],"wp:attachment":[{"href":"https:\/\/douce-naissance.com\/blog\/wp-json\/wp\/v2\/media?parent=454"}],"wp:term":[{"taxonomy":"category","embeddable":true,"href":"https:\/\/douce-naissance.com\/blog\/wp-json\/wp\/v2\/categories?post=454"},{"taxonomy":"post_tag","embeddable":true,"href":"https:\/\/douce-naissance.com\/blog\/wp-json\/wp\/v2\/tags?post=454"}],"curies":[{"name":"wp","href":"https:\/\/api.w.org\/{rel}","templated":true}]}}